{"@context":"http:\/\/iiif.io\/api\/presentation\/2\/context.json","@id":"https:\/\/api.artic.edu\/api\/v1\/artworks\/6831\/manifest.json","@type":"sc:Manifest","label":"Saint John the Baptist in the Wilderness","description":[{"value":"This painting depicts a young Saint John the Baptist living as a hermit in the wilderness. His cross of reeds, pointing gesture, and the nearby lamb refer to his role as a prophet foretelling the coming of Christ, the so-called \u201clamb of God,\u201d in the New Testament.\nPreviously attributed to an unknown Sevillian artist, this painting has recently been recognized as the work of a young Diego Vel\u00e1zquez. The treatment of the saint is more idealized than figures in Vel\u00e1zquez\u2019s earliest work, suggesting that it may have been made after his brief visit in 1622 to Madrid, where Italian paintings in the royal collection exposed him to new ways of portraying the human figure.\n","language":"en"}],"metadata":[{"label":"Artist \/ Maker","value":"Diego Vel\u00e1zquez (Spanish, 1599\u20131660)"},{"label":"Medium","value":"Oil on canvas"},{"label":"Dimensions","value":"175.3 \u00d7 152.5 cm (69 \u00d7 60 in.); Framed: 202.3 \u00d7 184.2 \u00d7 9.2 cm (79 5\/8 \u00d7 72 1\/2 \u00d7 3 5\/8 in.)"},{"label":"Object Number","value":"1957.563"},{"label":"Collection","value":"<a href='http:\/\/www.artic.edu\/collection' target='_blank'>Art Institute of Chicago<\/a>"}],"attribution":"Digital image courtesy of the Art Institute of Chicago.","logo":"https:\/\/raw.githubusercontent.com\/Art-Institute-of-Chicago\/template\/main\/aic-logo.gif","within":"http:\/\/www.artic.edu\/collection","rendering":{"@id":"http:\/\/www.artic.edu\/artworks\/6831","format":"text\/html","label":"Full record"},"sequences":[{"@type":"sc:Sequence","canvases":[{"@type":"sc:Canvas","@id":"https:\/\/www.artic.edu\/iiif\/2\/da3e9da7-09ed-412c-16b0-8ceedd38571f","label":"Saint John the Baptist in the Wilderness, c. 1622. Diego Vel\u00e1zquez (Spanish, 1599\u20131660)","width":843,"height":943,"images":[{"@type":"oa:Annotation","motivation":"sc:painting","on":"https:\/\/www.artic.edu\/iiif\/2\/da3e9da7-09ed-412c-16b0-8ceedd38571f","resource":{"@type":"dctypes:Image","@id":"https:\/\/www.artic.edu\/iiif\/2\/da3e9da7-09ed-412c-16b0-8ceedd38571f\/full\/843,\/0\/default.jpg","width":843,"height":943,"service":{"@context":"http:\/\/iiif.io\/api\/image\/2\/context.json","@id":"https:\/\/www.artic.edu\/iiif\/2\/da3e9da7-09ed-412c-16b0-8ceedd38571f","profile":"http:\/\/iiif.io\/api\/image\/2\/level2.json"}}}]}]}]}
