{"@context":"http:\/\/iiif.io\/api\/presentation\/2\/context.json","@id":"https:\/\/api.artic.edu\/api\/v1\/artworks\/62371\/manifest.json","@type":"sc:Manifest","label":"Madame Cezanne in a Yellow Chair","description":[{"value":"This portrait is one in a series of four Paul Cezanne made of his wife, Em\u00e9lie-Hortense Fiquet, whom he met when she worked as an artist\u2019s model. They had a son together in 1872 and married in 1886. Technical examination suggests that Cezanne traced this image, the second in the series, from the first portrait, which he made from life. In contrast to her masklike expression, Hortense\u2019s hands are agitated, contorted by crisscrossing brushstrokes and the dark-blue outlines Cezanne used to sketch out the forms, which remain visible in the final work.\n","language":"en"}],"metadata":[{"label":"Artist \/ Maker","value":"Paul Cezanne (French, 1839\u20131906)"},{"label":"Medium","value":"Oil on canvas"},{"label":"Dimensions","value":"80.9 \u00d7 64.9 cm (31 13\/16 \u00d7 25 9\/16 in.); Framed: 106.7 \u00d7 90.2 \u00d7 11.2 cm (42 \u00d7 35 1\/2 \u00d7 4 3\/8 in.)"},{"label":"Object Number","value":"1948.54"},{"label":"Collection","value":"<a href='http:\/\/www.artic.edu\/collection' target='_blank'>Art Institute of Chicago<\/a>"}],"attribution":"Digital image courtesy of the Art Institute of Chicago.","logo":"https:\/\/raw.githubusercontent.com\/Art-Institute-of-Chicago\/template\/main\/aic-logo.gif","within":"http:\/\/www.artic.edu\/collection","rendering":{"@id":"http:\/\/www.artic.edu\/artworks\/62371","format":"text\/html","label":"Full record"},"sequences":[{"@type":"sc:Sequence","canvases":[{"@type":"sc:Canvas","@id":"https:\/\/www.artic.edu\/iiif\/2\/4822cd01-44ac-041a-36b8-c0542377b750","label":"Madame Cezanne in a Yellow Chair, 1888\u201390. Paul Cezanne (French, 1839\u20131906)","width":843,"height":1068,"images":[{"@type":"oa:Annotation","motivation":"sc:painting","on":"https:\/\/www.artic.edu\/iiif\/2\/4822cd01-44ac-041a-36b8-c0542377b750","resource":{"@type":"dctypes:Image","@id":"https:\/\/www.artic.edu\/iiif\/2\/4822cd01-44ac-041a-36b8-c0542377b750\/full\/843,\/0\/default.jpg","width":843,"height":1068,"service":{"@context":"http:\/\/iiif.io\/api\/image\/2\/context.json","@id":"https:\/\/www.artic.edu\/iiif\/2\/4822cd01-44ac-041a-36b8-c0542377b750","profile":"http:\/\/iiif.io\/api\/image\/2\/level2.json"}}}]}]}]}
